{"id":371,"date":"2024-01-18T12:18:06","date_gmt":"2024-01-18T11:18:06","guid":{"rendered":"https:\/\/perso.atilf.fr\/asmith\/?p=371"},"modified":"2026-03-16T14:54:43","modified_gmt":"2026-03-16T13:54:43","slug":"actualites-2023-2024","status":"publish","type":"post","link":"https:\/\/perso.atilf.fr\/asmith\/blog\/2024\/01\/18\/actualites-2023-2024\/","title":{"rendered":"Actualit\u00e9s 2024 &#8211; 2026"},"content":{"rendered":"<p><strong>Ann\u00e9e universitaire 2025 \u2013 2026<\/strong><\/p>\n<p><strong>Publication \u00e0 venir<\/strong><\/p>\n<p><strong>2026 \u2013 <\/strong><em>Pragmatische Phraseme der Meinungs\u00e4u\u00dferung. Konzept f\u00fcr ein deutsch-franz\u00f6sisches Lernerw\u00f6rterbuch <\/em>chez Peter Lang, Coll. <em>Kontraste \/ Contrastes. Studien zum deutsch-franz\u00f6sischen Sprach- und Diskursvergleich.<\/em><\/p>\n<p><strong>Communication \u00e0 venir<\/strong> (proposition soumise) :<\/p>\n<ul>\n<li><em>Contrastive exploration of prefabricated constructions in French and German &#8211; A focus on markers of polemical closure in Wikipedia discussions. (<\/em>JADT 2026:18<sup>th<\/sup> International Conference on Statistical Analysis of Textual Data. Authors : JINGAND Alexia, POUDAT C\u00e9line, SMITH Anja)<\/li>\n<\/ul>\n<p><strong>Communications en 2024-2025<\/strong><\/p>\n<ul>\n<li><em>Constructions and Style: a difficult Marriage? <\/em>EUROPHRAS 2025: Phraseology and communication \u2013 Formulaic language in communication Phraseologie und Kommunikation \u2013 Formelhafte Sprache in der Kommunikation (Aarhus University, 19-22 May 2025)<\/li>\n<li><em>A dictionary of expressions of opinion for French learners of German: Why bother?<\/em> JE Approches constructionnelles et phras\u00e9ologie. Organis\u00e9es dans le cadre du projet ANR Pr\u00e9fab (ATILF, Universit\u00e9 de Lorraine, 17-18 octobre 2024)<\/li>\n<\/ul>\n<p><strong>3 Juin 2025 :<\/strong><\/p>\n<p><strong>Habilitation \u00e0 diriger les recherches<\/strong> (HDR) en section CNU 7 (Sciences du Langage \u00a0: linguistique et phon\u00e9tique g\u00e9n\u00e9rales). Lieu\u00a0: Universit\u00e9 de Bourgogne Europe. Titre g\u00e9n\u00e9ral du dossier : <em>Lexicologie \/ Lexicographie contrastive d\u2019unit\u00e9s pragmatiques en allemand et en fran\u00e7ais : aspects th\u00e9oriques, m\u00e9thodologiques et didactiques. <\/em>Manuscrit in\u00e9dit : <em>Pragmatische Phraseme der Meinungs\u00e4u\u00dferung: Konzept f\u00fcr ein deutsch-franz\u00f6sisches Lernerw\u00f6rterbuch. <\/em>Membres du jury: Heike Baldauf-Quiliatre, Professeure \u00e0 l\u2019Universit\u00e9 Lumi\u00e8re Lyon (rapportrice), Christoph B\u00fcrgel, Porfesseur \u00e0 l\u2019Universit\u00e9 Paderborn, Martine Dalmas, Professeure \u00e9m\u00e9rite \u00e0 Sorbonne Universit\u00e9 (rapportrice), Laurent Gautier, Professeur \u00e0 l\u2019Universit\u00e9 Bourgogne Europe (garant), Martin Hilpert, Professeur \u00e0 l\u2019Universit\u00e9 de Neuch\u00e2tel (rapporteur), Anne Larrory-Wunder, Professeure \u00e0 l\u2019Universit\u00e9 Sorbonne Nouvelle, Elmar Schafroth, Professeur \u00e9m\u00e9rite \u00e0 la Heinrich Heine Universit\u00e4t D\u00fcsseldorf.<\/p>\n<p>&nbsp;<\/p>\n<p>&nbsp;<\/p>\n","protected":false},"excerpt":{"rendered":"<p>Ann\u00e9e universitaire 2025 \u2013 2026 Publication \u00e0 venir 2026 \u2013 Pragmatische Phraseme der Meinungs\u00e4u\u00dferung. Konzept f\u00fcr ein deutsch-franz\u00f6sisches Lernerw\u00f6rterbuch chez Peter Lang, Coll. Kontraste \/ Contrastes. Studien zum deutsch-franz\u00f6sischen Sprach- und Diskursvergleich. Communication \u00e0 venir (proposition soumise) : Contrastive exploration of prefabricated constructions in French and German &#8211; A focus on markers of polemical closure [&hellip;]<\/p>\n","protected":false},"author":118,"featured_media":0,"comment_status":"closed","ping_status":"closed","sticky":false,"template":"","format":"standard","meta":{"footnotes":""},"categories":[1],"tags":[],"class_list":["post-371","post","type-post","status-publish","format-standard","hentry","category-non-classe"],"_links":{"self":[{"href":"https:\/\/perso.atilf.fr\/asmith\/wp-json\/wp\/v2\/posts\/371","targetHints":{"allow":["GET"]}}],"collection":[{"href":"https:\/\/perso.atilf.fr\/asmith\/wp-json\/wp\/v2\/posts"}],"about":[{"href":"https:\/\/perso.atilf.fr\/asmith\/wp-json\/wp\/v2\/types\/post"}],"author":[{"embeddable":true,"href":"https:\/\/perso.atilf.fr\/asmith\/wp-json\/wp\/v2\/users\/118"}],"replies":[{"embeddable":true,"href":"https:\/\/perso.atilf.fr\/asmith\/wp-json\/wp\/v2\/comments?post=371"}],"version-history":[{"count":3,"href":"https:\/\/perso.atilf.fr\/asmith\/wp-json\/wp\/v2\/posts\/371\/revisions"}],"predecessor-version":[{"id":387,"href":"https:\/\/perso.atilf.fr\/asmith\/wp-json\/wp\/v2\/posts\/371\/revisions\/387"}],"wp:attachment":[{"href":"https:\/\/perso.atilf.fr\/asmith\/wp-json\/wp\/v2\/media?parent=371"}],"wp:term":[{"taxonomy":"category","embeddable":true,"href":"https:\/\/perso.atilf.fr\/asmith\/wp-json\/wp\/v2\/categories?post=371"},{"taxonomy":"post_tag","embeddable":true,"href":"https:\/\/perso.atilf.fr\/asmith\/wp-json\/wp\/v2\/tags?post=371"}],"curies":[{"name":"wp","href":"https:\/\/api.w.org\/{rel}","templated":true}]}}