{"id":1279,"date":"2022-12-01T09:58:35","date_gmt":"2022-12-01T08:58:35","guid":{"rendered":"https:\/\/perso.atilf.fr\/sollinge\/?p=1279"},"modified":"2022-12-08T10:17:34","modified_gmt":"2022-12-08T09:17:34","slug":"1279","status":"publish","type":"post","link":"https:\/\/perso.atilf.fr\/sollinge\/blog\/2022\/12\/01\/1279\/","title":{"rendered":"En termes de polys\u00e9mie. Sens et polys\u00e9mie dans les domaines de sp\u00e9cialit\u00e9"},"content":{"rendered":"<p>Le Colloque <a href=\"https:\/\/www.dlls.univr.it\/?ent=iniziativa&amp;did=1&amp;id=10396\" rel=\"noopener\" target=\"_blank\">En termes de polys\u00e9mie<\/a>. Sens et polys\u00e9mie dans les domaines de sp\u00e9cialit\u00e9, se tiendra au D\u00e9partement des Langues et Litt\u00e9ratures \u00c9trang\u00e8res de l&rsquo;Universit\u00e9 de V\u00e9rone les 25-26 mai 2023.<\/p>\n<p>L&rsquo;<a href=\"https:\/\/www.dlls.univr.it\/documenti\/Iniziativa\/dall\/dall632713.pdf\" rel=\"noopener\" target=\"_blank\">appel \u00e0 communications<\/a> est ouvert jusqu&rsquo;au 1er f\u00e9vrier 2023.<\/p>\n<p style=\"text-align: right\"><a href=\"https:\/\/www.dlls.univr.it\/?ent=iniziativa&amp;did=1&amp;id=10396\"><img loading=\"lazy\" decoding=\"async\" src=\"https:\/\/perso.atilf.fr\/sollinge\/wp-content\/uploads\/sites\/13\/2022\/12\/colloque_polysemie-300x206.png\" alt=\"\" width=\"300\" height=\"206\" class=\"alignnone size-medium wp-image-1280\" srcset=\"https:\/\/perso.atilf.fr\/sollinge\/wp-content\/uploads\/sites\/13\/2022\/12\/colloque_polysemie-300x206.png 300w, https:\/\/perso.atilf.fr\/sollinge\/wp-content\/uploads\/sites\/13\/2022\/12\/colloque_polysemie-1024x704.png 1024w, https:\/\/perso.atilf.fr\/sollinge\/wp-content\/uploads\/sites\/13\/2022\/12\/colloque_polysemie-768x528.png 768w, https:\/\/perso.atilf.fr\/sollinge\/wp-content\/uploads\/sites\/13\/2022\/12\/colloque_polysemie.png 1238w\" sizes=\"auto, (max-width: 300px) 100vw, 300px\" \/><\/a><\/p>\n","protected":false},"excerpt":{"rendered":"<p>Le Colloque En termes de polys\u00e9mie. Sens et polys\u00e9mie dans les domaines de sp\u00e9cialit\u00e9, se tiendra au D\u00e9partement des Langues et Litt\u00e9ratures \u00c9trang\u00e8res de l&rsquo;Universit\u00e9 de V\u00e9rone les 25-26 mai 2023. L&rsquo;appel \u00e0 communications est ouvert jusqu&rsquo;au 1er f\u00e9vrier 2023.<\/p>\n","protected":false},"author":17,"featured_media":0,"comment_status":"closed","ping_status":"closed","sticky":false,"template":"","format":"standard","meta":{"footnotes":""},"categories":[37],"tags":[35,59,21],"class_list":["post-1279","post","type-post","status-publish","format-standard","hentry","category-breves","tag-conference","tag-polysemie","tag-terminologie"],"_links":{"self":[{"href":"https:\/\/perso.atilf.fr\/sollinge\/wp-json\/wp\/v2\/posts\/1279","targetHints":{"allow":["GET"]}}],"collection":[{"href":"https:\/\/perso.atilf.fr\/sollinge\/wp-json\/wp\/v2\/posts"}],"about":[{"href":"https:\/\/perso.atilf.fr\/sollinge\/wp-json\/wp\/v2\/types\/post"}],"author":[{"embeddable":true,"href":"https:\/\/perso.atilf.fr\/sollinge\/wp-json\/wp\/v2\/users\/17"}],"replies":[{"embeddable":true,"href":"https:\/\/perso.atilf.fr\/sollinge\/wp-json\/wp\/v2\/comments?post=1279"}],"version-history":[{"count":2,"href":"https:\/\/perso.atilf.fr\/sollinge\/wp-json\/wp\/v2\/posts\/1279\/revisions"}],"predecessor-version":[{"id":1282,"href":"https:\/\/perso.atilf.fr\/sollinge\/wp-json\/wp\/v2\/posts\/1279\/revisions\/1282"}],"wp:attachment":[{"href":"https:\/\/perso.atilf.fr\/sollinge\/wp-json\/wp\/v2\/media?parent=1279"}],"wp:term":[{"taxonomy":"category","embeddable":true,"href":"https:\/\/perso.atilf.fr\/sollinge\/wp-json\/wp\/v2\/categories?post=1279"},{"taxonomy":"post_tag","embeddable":true,"href":"https:\/\/perso.atilf.fr\/sollinge\/wp-json\/wp\/v2\/tags?post=1279"}],"curies":[{"name":"wp","href":"https:\/\/api.w.org\/{rel}","templated":true}]}}