{"id":1326,"date":"2023-04-20T10:00:51","date_gmt":"2023-04-20T09:00:51","guid":{"rendered":"https:\/\/perso.atilf.fr\/sollinge\/?p=1326"},"modified":"2023-04-18T10:09:08","modified_gmt":"2023-04-18T09:09:08","slug":"inception-retour-dexperience","status":"publish","type":"post","link":"https:\/\/perso.atilf.fr\/sollinge\/blog\/2023\/04\/20\/inception-retour-dexperience\/","title":{"rendered":"INCEpTION : Retour d&rsquo;exp\u00e9rience"},"content":{"rendered":"<p>Cette apr\u00e8s-midi, dans le cadre des STRange Thursdays, je pr\u00e9senterai l&rsquo;instrument INCEpTION au service STR. Je m&rsquo;appuierai sur la campagne d&rsquo;annotation men\u00e9e avec \u00c9velyne Jacquey dans le cadre du GR PAL pour illustrer diff\u00e9rentes \u00e9tapes : pr\u00e9paration de la campagne, annotation, arbitrage.<\/p>\n<p align=\"right\"><img loading=\"lazy\" decoding=\"async\" src=\"https:\/\/perso.atilf.fr\/sollinge\/wp-content\/uploads\/sites\/13\/2023\/04\/STRange_20avril23-300x224.png\" alt=\"\" width=\"300\" height=\"223\" class=\"alignnone size-medium wp-image-1308\" \/><\/p>\n","protected":false},"excerpt":{"rendered":"<p>Cette apr\u00e8s-midi, dans le cadre des STRange Thursdays, je pr\u00e9senterai l&rsquo;instrument INCEpTION au service STR. Je m&rsquo;appuierai sur la campagne d&rsquo;annotation men\u00e9e avec \u00c9velyne Jacquey dans le cadre du GR PAL pour illustrer diff\u00e9rentes \u00e9tapes : pr\u00e9paration de la campagne, annotation, arbitrage.<\/p>\n","protected":false},"author":17,"featured_media":0,"comment_status":"closed","ping_status":"closed","sticky":false,"template":"","format":"standard","meta":{"footnotes":""},"categories":[1,29],"tags":[60,20,30],"class_list":["post-1326","post","type-post","status-publish","format-standard","hentry","category-non-classe","category-str","tag-annotation","tag-corpus","tag-strange-thursdays"],"_links":{"self":[{"href":"https:\/\/perso.atilf.fr\/sollinge\/wp-json\/wp\/v2\/posts\/1326","targetHints":{"allow":["GET"]}}],"collection":[{"href":"https:\/\/perso.atilf.fr\/sollinge\/wp-json\/wp\/v2\/posts"}],"about":[{"href":"https:\/\/perso.atilf.fr\/sollinge\/wp-json\/wp\/v2\/types\/post"}],"author":[{"embeddable":true,"href":"https:\/\/perso.atilf.fr\/sollinge\/wp-json\/wp\/v2\/users\/17"}],"replies":[{"embeddable":true,"href":"https:\/\/perso.atilf.fr\/sollinge\/wp-json\/wp\/v2\/comments?post=1326"}],"version-history":[{"count":2,"href":"https:\/\/perso.atilf.fr\/sollinge\/wp-json\/wp\/v2\/posts\/1326\/revisions"}],"predecessor-version":[{"id":1329,"href":"https:\/\/perso.atilf.fr\/sollinge\/wp-json\/wp\/v2\/posts\/1326\/revisions\/1329"}],"wp:attachment":[{"href":"https:\/\/perso.atilf.fr\/sollinge\/wp-json\/wp\/v2\/media?parent=1326"}],"wp:term":[{"taxonomy":"category","embeddable":true,"href":"https:\/\/perso.atilf.fr\/sollinge\/wp-json\/wp\/v2\/categories?post=1326"},{"taxonomy":"post_tag","embeddable":true,"href":"https:\/\/perso.atilf.fr\/sollinge\/wp-json\/wp\/v2\/tags?post=1326"}],"curies":[{"name":"wp","href":"https:\/\/api.w.org\/{rel}","templated":true}]}}