{"id":1612,"date":"2024-07-01T16:26:50","date_gmt":"2024-07-01T15:26:50","guid":{"rendered":"https:\/\/perso.atilf.fr\/sollinge\/?p=1612"},"modified":"2024-07-22T17:01:31","modified_gmt":"2024-07-22T16:01:31","slug":"stage-ahana-chattopadhyay","status":"publish","type":"post","link":"https:\/\/perso.atilf.fr\/sollinge\/blog\/2024\/07\/01\/stage-ahana-chattopadhyay\/","title":{"rendered":"Stage Ahana Chattopadhyay"},"content":{"rendered":"<p>Nous avons le plaisir d&rsquo;accueillir <a href=\"https:\/\/www.linkedin.com\/in\/ahana-chattopadhyay-509815226\/\">Ahana Chattopadhyay<\/a> au sein du projet <a href=\"https:\/\/perso.atilf.fr\/sollinge\/projets\/alumcoco\/\">ALUMCoCo<\/a>. Ahana termine cette ann\u00e9e sa premi\u00e8re ann\u00e9e de <a href=\"https:\/\/formations.univ-lorraine.fr\/fr\/diplomes-et-formations\/bac4-bac5\/master\/3927-master-tal-pt-informatique-langue-parole-et-connaissances.html\" rel=\"noopener\" target=\"_blank\">Master TAL<\/a> \u00e0 l&rsquo;Universit\u00e9 de Lorraine. Elle sera en stage avec nous jusqu&rsquo;\u00e0 la fin du mois d&rsquo;ao\u00fbt.<br \/>\nElle aura pour mission de r\u00e9fl\u00e9chir au r\u00f4le des voisins lexicaux dans le contexte d&rsquo;une occurrence \u00e0 annoter lors de la t\u00e2che d&rsquo;annotation en sens lexicaux.<\/p>\n<p>Apr\u00e8s s&rsquo;\u00eatre familiaris\u00e9e avec la notion de voisins lexicaux dans les <a href=\"https:\/\/lexical-systems.atilf.fr\/\" rel=\"noopener\" target=\"_blank\">Syst\u00e8mes Lexicaux<\/a>, dont le R\u00e9seau Lexical du fran\u00e7ais, et avoir impl\u00e9ment\u00e9 une premi\u00e8re solution d&rsquo;annotation de corpus en voisins \u00e0 partir d&rsquo;un lemme donn\u00e9, Ahana r\u00e9alisera une analyse qualitative de l&rsquo;annotation des voisins des <a href=\"https:\/\/spiderlex.atilf.fr\/fr\/q\/*soleil***\" rel=\"noopener\" target=\"_blank\">diff\u00e9rents sens de SOLEIL<\/a>. Il s&rsquo;agira alors de proposer des pistes d&rsquo;am\u00e9lioration de l&rsquo;annotation r\u00e9alis\u00e9e en premi\u00e8re instance.<\/p>\n<p>Elle assistera \u00e0 la r\u00e9union de travail du projet ALUMCoCo pr\u00e9vue les 11 et 12 juillet pour mieux appr\u00e9hender les enjeux du projet.<\/p>\n<p align=\"right\"><img loading=\"lazy\" decoding=\"async\" src=\"https:\/\/perso.atilf.fr\/sollinge\/wp-content\/uploads\/sites\/13\/2024\/02\/Logo_ALUMCoCo-300x300.png\" alt=\"\" width=\"300\" height=\"300\" class=\"alignnone size-medium wp-image-1509\" srcset=\"https:\/\/perso.atilf.fr\/sollinge\/wp-content\/uploads\/sites\/13\/2024\/02\/Logo_ALUMCoCo-300x300.png 300w, https:\/\/perso.atilf.fr\/sollinge\/wp-content\/uploads\/sites\/13\/2024\/02\/Logo_ALUMCoCo-1024x1024.png 1024w, https:\/\/perso.atilf.fr\/sollinge\/wp-content\/uploads\/sites\/13\/2024\/02\/Logo_ALUMCoCo-150x150.png 150w, https:\/\/perso.atilf.fr\/sollinge\/wp-content\/uploads\/sites\/13\/2024\/02\/Logo_ALUMCoCo-768x768.png 768w, https:\/\/perso.atilf.fr\/sollinge\/wp-content\/uploads\/sites\/13\/2024\/02\/Logo_ALUMCoCo.png 1181w\" sizes=\"auto, (max-width: 300px) 100vw, 300px\" \/><\/p>\n","protected":false},"excerpt":{"rendered":"<p>Nous avons le plaisir d&rsquo;accueillir Ahana Chattopadhyay au sein du projet ALUMCoCo. Ahana termine cette ann\u00e9e sa premi\u00e8re ann\u00e9e de Master TAL \u00e0 l&rsquo;Universit\u00e9 de Lorraine. Elle sera en stage avec nous jusqu&rsquo;\u00e0 la fin du mois d&rsquo;ao\u00fbt. Elle aura pour mission de r\u00e9fl\u00e9chir au r\u00f4le des voisins lexicaux dans le contexte d&rsquo;une occurrence \u00e0 [&hellip;]<\/p>\n","protected":false},"author":17,"featured_media":0,"comment_status":"closed","ping_status":"closed","sticky":false,"template":"","format":"standard","meta":{"footnotes":""},"categories":[57],"tags":[55,61,59,4],"class_list":["post-1612","post","type-post","status-publish","format-standard","hentry","category-pal","tag-ambiguite-lexicale","tag-lexicologie","tag-polysemie","tag-systemes-lexicaux"],"_links":{"self":[{"href":"https:\/\/perso.atilf.fr\/sollinge\/wp-json\/wp\/v2\/posts\/1612","targetHints":{"allow":["GET"]}}],"collection":[{"href":"https:\/\/perso.atilf.fr\/sollinge\/wp-json\/wp\/v2\/posts"}],"about":[{"href":"https:\/\/perso.atilf.fr\/sollinge\/wp-json\/wp\/v2\/types\/post"}],"author":[{"embeddable":true,"href":"https:\/\/perso.atilf.fr\/sollinge\/wp-json\/wp\/v2\/users\/17"}],"replies":[{"embeddable":true,"href":"https:\/\/perso.atilf.fr\/sollinge\/wp-json\/wp\/v2\/comments?post=1612"}],"version-history":[{"count":4,"href":"https:\/\/perso.atilf.fr\/sollinge\/wp-json\/wp\/v2\/posts\/1612\/revisions"}],"predecessor-version":[{"id":1623,"href":"https:\/\/perso.atilf.fr\/sollinge\/wp-json\/wp\/v2\/posts\/1612\/revisions\/1623"}],"wp:attachment":[{"href":"https:\/\/perso.atilf.fr\/sollinge\/wp-json\/wp\/v2\/media?parent=1612"}],"wp:term":[{"taxonomy":"category","embeddable":true,"href":"https:\/\/perso.atilf.fr\/sollinge\/wp-json\/wp\/v2\/categories?post=1612"},{"taxonomy":"post_tag","embeddable":true,"href":"https:\/\/perso.atilf.fr\/sollinge\/wp-json\/wp\/v2\/tags?post=1612"}],"curies":[{"name":"wp","href":"https:\/\/api.w.org\/{rel}","templated":true}]}}