{"id":1722,"date":"2024-11-15T09:18:07","date_gmt":"2024-11-15T08:18:07","guid":{"rendered":"https:\/\/perso.atilf.fr\/sollinge\/?p=1722"},"modified":"2024-12-18T10:51:26","modified_gmt":"2024-12-18T09:51:26","slug":"alumcoco-hybride","status":"publish","type":"post","link":"https:\/\/perso.atilf.fr\/sollinge\/blog\/2024\/11\/15\/alumcoco-hybride\/","title":{"rendered":"ALUMCoCo hybride"},"content":{"rendered":"<p>Aujourd&rsquo;hui, journ\u00e9e de r\u00e9union hybride pour le projet <a href=\"https:\/\/perso.atilf.fr\/sollinge\/projets\/alumcoco\/\" rel=\"noopener\" target=\"_blank\">ALUMCoCo<\/a>. <\/p>\n<p>Au programme : finaliser le design de l&rsquo;enqu\u00eate que nous pr\u00e9voyons de mener d\u00e9but 2025, pour pouvoir d\u00e9poser un dossier au comit\u00e9 d&rsquo;\u00e9thique de la recherche de l&rsquo;UL avant le 20 d\u00e9cembre.<\/p>\n<p align=\"right\"><a href=\"https:\/\/perso.atilf.fr\/sollinge\/wp-content\/uploads\/sites\/13\/2024\/11\/men-8254845-scaled.jpg\" target=\"_blank\"><img loading=\"lazy\" decoding=\"async\" src=\"https:\/\/perso.atilf.fr\/sollinge\/wp-content\/uploads\/sites\/13\/2024\/11\/men-8254845-300x300.jpg\" alt=\"https:\/\/pixabay.com\/fr\/illustrations\/hommes-plante-botanique-art-8254845\/\" width=\"300\" height=\"300\" class=\"size-medium wp-image-1723\" srcset=\"https:\/\/perso.atilf.fr\/sollinge\/wp-content\/uploads\/sites\/13\/2024\/11\/men-8254845-300x300.jpg 300w, https:\/\/perso.atilf.fr\/sollinge\/wp-content\/uploads\/sites\/13\/2024\/11\/men-8254845-1024x1024.jpg 1024w, https:\/\/perso.atilf.fr\/sollinge\/wp-content\/uploads\/sites\/13\/2024\/11\/men-8254845-150x150.jpg 150w, https:\/\/perso.atilf.fr\/sollinge\/wp-content\/uploads\/sites\/13\/2024\/11\/men-8254845-768x768.jpg 768w, https:\/\/perso.atilf.fr\/sollinge\/wp-content\/uploads\/sites\/13\/2024\/11\/men-8254845-1536x1536.jpg 1536w, https:\/\/perso.atilf.fr\/sollinge\/wp-content\/uploads\/sites\/13\/2024\/11\/men-8254845-2048x2048.jpg 2048w\" sizes=\"auto, (max-width: 300px) 100vw, 300px\" \/><\/a><\/br>@nokono<\/p>\n","protected":false},"excerpt":{"rendered":"<p>Aujourd&rsquo;hui, journ\u00e9e de r\u00e9union hybride pour le projet ALUMCoCo. Au programme : finaliser le design de l&rsquo;enqu\u00eate que nous pr\u00e9voyons de mener d\u00e9but 2025, pour pouvoir d\u00e9poser un dossier au comit\u00e9 d&rsquo;\u00e9thique de la recherche de l&rsquo;UL avant le 20 d\u00e9cembre. @nokono<\/p>\n","protected":false},"author":17,"featured_media":0,"comment_status":"closed","ping_status":"closed","sticky":false,"template":"","format":"standard","meta":{"footnotes":""},"categories":[57],"tags":[55,60,59,64],"class_list":["post-1722","post","type-post","status-publish","format-standard","hentry","category-pal","tag-ambiguite-lexicale","tag-annotation","tag-polysemie","tag-projet"],"_links":{"self":[{"href":"https:\/\/perso.atilf.fr\/sollinge\/wp-json\/wp\/v2\/posts\/1722","targetHints":{"allow":["GET"]}}],"collection":[{"href":"https:\/\/perso.atilf.fr\/sollinge\/wp-json\/wp\/v2\/posts"}],"about":[{"href":"https:\/\/perso.atilf.fr\/sollinge\/wp-json\/wp\/v2\/types\/post"}],"author":[{"embeddable":true,"href":"https:\/\/perso.atilf.fr\/sollinge\/wp-json\/wp\/v2\/users\/17"}],"replies":[{"embeddable":true,"href":"https:\/\/perso.atilf.fr\/sollinge\/wp-json\/wp\/v2\/comments?post=1722"}],"version-history":[{"count":5,"href":"https:\/\/perso.atilf.fr\/sollinge\/wp-json\/wp\/v2\/posts\/1722\/revisions"}],"predecessor-version":[{"id":1748,"href":"https:\/\/perso.atilf.fr\/sollinge\/wp-json\/wp\/v2\/posts\/1722\/revisions\/1748"}],"wp:attachment":[{"href":"https:\/\/perso.atilf.fr\/sollinge\/wp-json\/wp\/v2\/media?parent=1722"}],"wp:term":[{"taxonomy":"category","embeddable":true,"href":"https:\/\/perso.atilf.fr\/sollinge\/wp-json\/wp\/v2\/categories?post=1722"},{"taxonomy":"post_tag","embeddable":true,"href":"https:\/\/perso.atilf.fr\/sollinge\/wp-json\/wp\/v2\/tags?post=1722"}],"curies":[{"name":"wp","href":"https:\/\/api.w.org\/{rel}","templated":true}]}}