{"id":1915,"date":"2025-11-01T17:47:16","date_gmt":"2025-11-01T16:47:16","guid":{"rendered":"https:\/\/perso.atilf.fr\/sollinge\/?p=1915"},"modified":"2025-11-20T16:35:09","modified_gmt":"2025-11-20T15:35:09","slug":"reperes-dorif-hors-serie","status":"publish","type":"post","link":"https:\/\/perso.atilf.fr\/sollinge\/blog\/2025\/11\/01\/reperes-dorif-hors-serie\/","title":{"rendered":"Rep\u00e8res-Dorif hors s\u00e9rie"},"content":{"rendered":"<p>\u00c0 la suite du colloque <a href=\"https:\/\/www.dlls.univr.it\/?ent=iniziativa&amp;did=1&amp;id=10396\" rel=\"noopener\" target=\"_blank\">En termes de polys\u00e9mie<\/a>, <a href=\"https:\/\/ling-trad.umontreal.ca\/repertoire-departement\/professeurs\/professeur\/in\/in13756\/sg\/Marie-Claude%20L%27Homme\/\" target=\"_blank\">Marie-Claude L&rsquo;Homme<\/a> et <a href=\"https:\/\/www.dlls.univr.it\/?ent=persona&amp;id=2972\" target=\"_blank\">Paolo Frassi<\/a> viennent de publier un num\u00e9ro hors-s\u00e9rie de la revue <a href=\"https:\/\/www.dorif.it\/reperes\/\" target=\"_blank\">DORIF<\/a>.<\/p>\n<p align=\"right\">\n<a href=\"https:\/\/www.dorif.it\/reperes\/category\/hs-en-termes-de-polysemie-sens-et-polysemie-dans-les-domaines-de-specialite\/\"><img loading=\"lazy\" decoding=\"async\" src=\"https:\/\/perso.atilf.fr\/sollinge\/wp-content\/uploads\/sites\/13\/2025\/11\/Capture-decran-2025-11-05-a-17.34.25-300x150.png\" alt=\"\" width=\"300\" height=\"150\" class=\"alignnone size-medium wp-image-1916\" srcset=\"https:\/\/perso.atilf.fr\/sollinge\/wp-content\/uploads\/sites\/13\/2025\/11\/Capture-decran-2025-11-05-a-17.34.25-300x150.png 300w, https:\/\/perso.atilf.fr\/sollinge\/wp-content\/uploads\/sites\/13\/2025\/11\/Capture-decran-2025-11-05-a-17.34.25-1024x511.png 1024w, https:\/\/perso.atilf.fr\/sollinge\/wp-content\/uploads\/sites\/13\/2025\/11\/Capture-decran-2025-11-05-a-17.34.25-768x383.png 768w, https:\/\/perso.atilf.fr\/sollinge\/wp-content\/uploads\/sites\/13\/2025\/11\/Capture-decran-2025-11-05-a-17.34.25-1536x767.png 1536w, https:\/\/perso.atilf.fr\/sollinge\/wp-content\/uploads\/sites\/13\/2025\/11\/Capture-decran-2025-11-05-a-17.34.25-2048x1022.png 2048w\" sizes=\"auto, (max-width: 300px) 100vw, 300px\" \/><\/a><\/p>\n","protected":false},"excerpt":{"rendered":"<p>\u00c0 la suite du colloque En termes de polys\u00e9mie, Marie-Claude L&rsquo;Homme et Paolo Frassi viennent de publier un num\u00e9ro hors-s\u00e9rie de la revue DORIF.<\/p>\n","protected":false},"author":17,"featured_media":0,"comment_status":"closed","ping_status":"closed","sticky":false,"template":"","format":"standard","meta":{"footnotes":""},"categories":[68,17],"tags":[59,40,21],"class_list":["post-1915","post","type-post","status-publish","format-standard","hentry","category-conference","category-terminologie","tag-polysemie","tag-publication","tag-terminologie"],"_links":{"self":[{"href":"https:\/\/perso.atilf.fr\/sollinge\/wp-json\/wp\/v2\/posts\/1915","targetHints":{"allow":["GET"]}}],"collection":[{"href":"https:\/\/perso.atilf.fr\/sollinge\/wp-json\/wp\/v2\/posts"}],"about":[{"href":"https:\/\/perso.atilf.fr\/sollinge\/wp-json\/wp\/v2\/types\/post"}],"author":[{"embeddable":true,"href":"https:\/\/perso.atilf.fr\/sollinge\/wp-json\/wp\/v2\/users\/17"}],"replies":[{"embeddable":true,"href":"https:\/\/perso.atilf.fr\/sollinge\/wp-json\/wp\/v2\/comments?post=1915"}],"version-history":[{"count":2,"href":"https:\/\/perso.atilf.fr\/sollinge\/wp-json\/wp\/v2\/posts\/1915\/revisions"}],"predecessor-version":[{"id":1920,"href":"https:\/\/perso.atilf.fr\/sollinge\/wp-json\/wp\/v2\/posts\/1915\/revisions\/1920"}],"wp:attachment":[{"href":"https:\/\/perso.atilf.fr\/sollinge\/wp-json\/wp\/v2\/media?parent=1915"}],"wp:term":[{"taxonomy":"category","embeddable":true,"href":"https:\/\/perso.atilf.fr\/sollinge\/wp-json\/wp\/v2\/categories?post=1915"},{"taxonomy":"post_tag","embeddable":true,"href":"https:\/\/perso.atilf.fr\/sollinge\/wp-json\/wp\/v2\/tags?post=1915"}],"curies":[{"name":"wp","href":"https:\/\/api.w.org\/{rel}","templated":true}]}}