{"id":1987,"date":"2026-01-05T15:17:46","date_gmt":"2026-01-05T14:17:46","guid":{"rendered":"https:\/\/perso.atilf.fr\/sollinge\/?p=1987"},"modified":"2026-01-05T15:17:46","modified_gmt":"2026-01-05T14:17:46","slug":"un-logo-pour-alivolex","status":"publish","type":"post","link":"https:\/\/perso.atilf.fr\/sollinge\/blog\/2026\/01\/05\/un-logo-pour-alivolex\/","title":{"rendered":"Un logo pour ALIVoLex"},"content":{"rendered":"<p>Le projet <a href=\"https:\/\/perso.atilf.fr\/sollinge\/projets\/alivolex\/\" target=\"_blank\">ALIVoLex<\/a> se dote d&rsquo;un logo. Ce dernier s&rsquo;inspire de la figure de projection du <a href=\"https:\/\/lexical-systems.atilf.fr\/\" target=\"_blank\">Syst\u00e8me Lexical<\/a> RL-fr sur un contexte, cr\u00e9\u00e9e lors de la mise en place d&rsquo;une mesure de voisinage lexical dans le cadre du projet <a href=\"https:\/\/perso.atilf.fr\/sollinge\/projets\/alumcoco\/\" target=\"_blank\">ALUMCoCo<\/a>.<br \/>\nOn y trouve le nom du projet, dans la m\u00eame police de caract\u00e8res que celle du logo ALUMCoCo.<br \/>\nAu-dessus, \u00e0 gauche, un rectangle jaune symbolise l&rsquo;occurrence \u00e0 annoter lors de la t\u00e2che d&rsquo;annotation lexicale.<br \/>\nR\u00e9partis dans le reste de l&rsquo;image, cinq pastilles rondes symbolisent les sens disponibles dans un inventaire de sens. Les couleurs de ces pastilles sont emprunt\u00e9es \u00e0 la visualisation du RL-fr dans le navigateur <a href=\"https:\/\/lexical-systems.atilf.fr\/spiderlex\/\" target=\"_blank\">Spiderlex<\/a>.<\/p>\n<p align=\"right\">\n<a href=\"https:\/\/perso.atilf.fr\/sollinge\/projets\/alivolex\/\"><img loading=\"lazy\" decoding=\"async\" src=\"https:\/\/perso.atilf.fr\/sollinge\/wp-content\/uploads\/sites\/13\/2026\/01\/Logo_ALIVoLex-300x300.png\" alt=\"Logo ALIVoLex avec le nom en noir au centre, au dessus un rectangle jaune repr\u00e9sentant l&#039;occurrence \u00e0 annoter et autour ( 1 au-dessus du nom, 4 en-dessous) cinq points de couleurs pastelles repr\u00e9sentant les sens lexicaux possibles\" width=\"300\" height=\"300\" class=\"alignnone size-medium wp-image-1982\" srcset=\"https:\/\/perso.atilf.fr\/sollinge\/wp-content\/uploads\/sites\/13\/2026\/01\/Logo_ALIVoLex-300x300.png 300w, https:\/\/perso.atilf.fr\/sollinge\/wp-content\/uploads\/sites\/13\/2026\/01\/Logo_ALIVoLex-1024x1024.png 1024w, https:\/\/perso.atilf.fr\/sollinge\/wp-content\/uploads\/sites\/13\/2026\/01\/Logo_ALIVoLex-150x150.png 150w, https:\/\/perso.atilf.fr\/sollinge\/wp-content\/uploads\/sites\/13\/2026\/01\/Logo_ALIVoLex-768x768.png 768w, https:\/\/perso.atilf.fr\/sollinge\/wp-content\/uploads\/sites\/13\/2026\/01\/Logo_ALIVoLex.png 1181w\" sizes=\"auto, (max-width: 300px) 100vw, 300px\" \/><\/a><\/p>\n","protected":false},"excerpt":{"rendered":"<p>Le projet ALIVoLex se dote d&rsquo;un logo. Ce dernier s&rsquo;inspire de la figure de projection du Syst\u00e8me Lexical RL-fr sur un contexte, cr\u00e9\u00e9e lors de la mise en place d&rsquo;une mesure de voisinage lexical dans le cadre du projet ALUMCoCo. On y trouve le nom du projet, dans la m\u00eame police de caract\u00e8res que celle [&hellip;]<\/p>\n","protected":false},"author":17,"featured_media":0,"comment_status":"closed","ping_status":"closed","sticky":false,"template":"","format":"standard","meta":{"footnotes":""},"categories":[1],"tags":[],"class_list":["post-1987","post","type-post","status-publish","format-standard","hentry","category-non-classe"],"_links":{"self":[{"href":"https:\/\/perso.atilf.fr\/sollinge\/wp-json\/wp\/v2\/posts\/1987","targetHints":{"allow":["GET"]}}],"collection":[{"href":"https:\/\/perso.atilf.fr\/sollinge\/wp-json\/wp\/v2\/posts"}],"about":[{"href":"https:\/\/perso.atilf.fr\/sollinge\/wp-json\/wp\/v2\/types\/post"}],"author":[{"embeddable":true,"href":"https:\/\/perso.atilf.fr\/sollinge\/wp-json\/wp\/v2\/users\/17"}],"replies":[{"embeddable":true,"href":"https:\/\/perso.atilf.fr\/sollinge\/wp-json\/wp\/v2\/comments?post=1987"}],"version-history":[{"count":2,"href":"https:\/\/perso.atilf.fr\/sollinge\/wp-json\/wp\/v2\/posts\/1987\/revisions"}],"predecessor-version":[{"id":1989,"href":"https:\/\/perso.atilf.fr\/sollinge\/wp-json\/wp\/v2\/posts\/1987\/revisions\/1989"}],"wp:attachment":[{"href":"https:\/\/perso.atilf.fr\/sollinge\/wp-json\/wp\/v2\/media?parent=1987"}],"wp:term":[{"taxonomy":"category","embeddable":true,"href":"https:\/\/perso.atilf.fr\/sollinge\/wp-json\/wp\/v2\/categories?post=1987"},{"taxonomy":"post_tag","embeddable":true,"href":"https:\/\/perso.atilf.fr\/sollinge\/wp-json\/wp\/v2\/tags?post=1987"}],"curies":[{"name":"wp","href":"https:\/\/api.w.org\/{rel}","templated":true}]}}