{"id":1992,"date":"2026-01-29T14:07:56","date_gmt":"2026-01-29T13:07:56","guid":{"rendered":"https:\/\/perso.atilf.fr\/sollinge\/?p=1992"},"modified":"2026-02-09T16:19:40","modified_gmt":"2026-02-09T15:19:40","slug":"refonte-du-balisage-du-tlfi-documentation-en-ligne","status":"publish","type":"post","link":"https:\/\/perso.atilf.fr\/sollinge\/blog\/2026\/01\/29\/refonte-du-balisage-du-tlfi-documentation-en-ligne\/","title":{"rendered":"Refonte du balisage du TLFi : documentation en ligne"},"content":{"rendered":"<p>Le fruit d&rsquo;un long travail men\u00e9 en \u00e9quipe avec Jessika\u00a0Cardinali, \u00c9velyne\u00a0Jacquey et \u00c9tienne\u00a0Petitjean est, petit \u00e0 petit, rendu disponible.<br \/>\nAujourd&rsquo;hui, ce sont les deux documentations (le <a href=\"https:\/\/hal.science\/hal-05477902\" target=\"_blank\">descriptif du balisage<\/a> et le <a href=\"https:\/\/hal.science\/hal-05477953v1\" target=\"_blank\">rapport op\u00e9rationnel<\/a>) qui sont accessibles sur l&rsquo;archive ouverte <a href=\"https:\/\/hal.science\/\" target=\"_blank\">HAL<\/a>.<br \/>\nBient\u00f4t, la ressource elle-m\u00eame sera disponible sur la plateforme <a href=\"https:\/\/www.ortolang.fr\/fr\/accueil\/\" target=\"_blank\">Ortolang<\/a>.<\/p>\n<p>Merci \u00e0 Laurent\u00a0Gobert pour la page de garde du document et \u00e0 <a href=\"https:\/\/perso.atilf.fr\/benzitoun\/\" target=\"_blank\">Christophe\u00a0Benzitoun<\/a>, <a href=\"https:\/\/perso.atilf.fr\/ebuchi\/\" target=\"_blank\">\u00c9va\u00a0Buchi<\/a>, <a href=\"https:\/\/www.unige.ch\/lettres\/mela\/enseignant\/philologie\/yan-greub\" target=\"_blank\">Yan Greub<\/a>, Benjamin\u00a0Husson et <a href=\"https:\/\/perso.atilf.fr\/gtoubiana\/\" target=\"_blank\">Gilles\u00a0Toubiana<\/a> pour leurs coups de pouce divers.<\/p>\n<p align=\"right\"><a href=\"https:\/\/hal.science\/hal-05477953v1\"><img loading=\"lazy\" decoding=\"async\" src=\"https:\/\/perso.atilf.fr\/sollinge\/wp-content\/uploads\/sites\/13\/2026\/01\/RapportTLFi-1-212x300.png\" alt=\"\" width=\"212\" height=\"300\" class=\"alignnone size-medium wp-image-1994\" srcset=\"https:\/\/perso.atilf.fr\/sollinge\/wp-content\/uploads\/sites\/13\/2026\/01\/RapportTLFi-1-212x300.png 212w, https:\/\/perso.atilf.fr\/sollinge\/wp-content\/uploads\/sites\/13\/2026\/01\/RapportTLFi-1.png 726w\" sizes=\"auto, (max-width: 212px) 100vw, 212px\" \/><\/a><\/p>\n","protected":false},"excerpt":{"rendered":"<p>Le fruit d&rsquo;un long travail men\u00e9 en \u00e9quipe avec Jessika\u00a0Cardinali, \u00c9velyne\u00a0Jacquey et \u00c9tienne\u00a0Petitjean est, petit \u00e0 petit, rendu disponible. Aujourd&rsquo;hui, ce sont les deux documentations (le descriptif du balisage et le rapport op\u00e9rationnel) qui sont accessibles sur l&rsquo;archive ouverte HAL. Bient\u00f4t, la ressource elle-m\u00eame sera disponible sur la plateforme Ortolang. Merci \u00e0 Laurent\u00a0Gobert pour la [&hellip;]<\/p>\n","protected":false},"author":17,"featured_media":0,"comment_status":"closed","ping_status":"closed","sticky":false,"template":"","format":"standard","meta":{"footnotes":""},"categories":[1],"tags":[26,64,53],"class_list":["post-1992","post","type-post","status-publish","format-standard","hentry","category-non-classe","tag-diffusion","tag-projet","tag-tlfi"],"_links":{"self":[{"href":"https:\/\/perso.atilf.fr\/sollinge\/wp-json\/wp\/v2\/posts\/1992","targetHints":{"allow":["GET"]}}],"collection":[{"href":"https:\/\/perso.atilf.fr\/sollinge\/wp-json\/wp\/v2\/posts"}],"about":[{"href":"https:\/\/perso.atilf.fr\/sollinge\/wp-json\/wp\/v2\/types\/post"}],"author":[{"embeddable":true,"href":"https:\/\/perso.atilf.fr\/sollinge\/wp-json\/wp\/v2\/users\/17"}],"replies":[{"embeddable":true,"href":"https:\/\/perso.atilf.fr\/sollinge\/wp-json\/wp\/v2\/comments?post=1992"}],"version-history":[{"count":5,"href":"https:\/\/perso.atilf.fr\/sollinge\/wp-json\/wp\/v2\/posts\/1992\/revisions"}],"predecessor-version":[{"id":1998,"href":"https:\/\/perso.atilf.fr\/sollinge\/wp-json\/wp\/v2\/posts\/1992\/revisions\/1998"}],"wp:attachment":[{"href":"https:\/\/perso.atilf.fr\/sollinge\/wp-json\/wp\/v2\/media?parent=1992"}],"wp:term":[{"taxonomy":"category","embeddable":true,"href":"https:\/\/perso.atilf.fr\/sollinge\/wp-json\/wp\/v2\/categories?post=1992"},{"taxonomy":"post_tag","embeddable":true,"href":"https:\/\/perso.atilf.fr\/sollinge\/wp-json\/wp\/v2\/tags?post=1992"}],"curies":[{"name":"wp","href":"https:\/\/api.w.org\/{rel}","templated":true}]}}