{"id":2098,"date":"2025-10-21T13:46:49","date_gmt":"2025-10-21T12:46:49","guid":{"rendered":"https:\/\/perso.atilf.fr\/sollinge\/?p=2098"},"modified":"2026-04-17T14:07:59","modified_gmt":"2026-04-17T13:07:59","slug":"projeter-les-voisins-du-rl-fr-sur-les-contextes-dalumcoco","status":"publish","type":"post","link":"https:\/\/perso.atilf.fr\/sollinge\/blog\/2025\/10\/21\/projeter-les-voisins-du-rl-fr-sur-les-contextes-dalumcoco\/","title":{"rendered":"Projeter les voisins du RL-fr sur les contextes d&rsquo;ALUMCoCo"},"content":{"rendered":"<p>Dans le cadre du projet <a href=\"https:\/\/perso.atilf.fr\/sollinge\/projets\/alumcoco\/\">ALUMCoCo<\/a>, je cherchais une fa\u00e7on d&rsquo;exploiter les voisins lexicaux encod\u00e9s dans le RL-fr pour obtenir une mesure de l&rsquo;ambigu\u00eft\u00e9 s\u00e9mantique de chaque contexte.<\/p>\n<p>Ce sera finalement une mesure d&rsquo;entropie normalis\u00e9e, calcul\u00e9e \u00e0 partir d&rsquo;une matrice d&rsquo;adjacence s\u00e9mantique.<br \/>\nLe d\u00e9tail se trouve d\u00e9crit ici : <a href=\"https:\/\/perso.atilf.fr\/sollinge\/wp-content\/uploads\/sites\/13\/2026\/04\/mesure_Voisins.pdf\">mesure_Voisins.pdf<\/a><\/p>\n<p align=\"right\"><a href=\"https:\/\/perso.atilf.fr\/sollinge\/wp-content\/uploads\/sites\/13\/2026\/04\/mesure_Voisins.pdf\"><img loading=\"lazy\" decoding=\"async\" src=\"https:\/\/perso.atilf.fr\/sollinge\/wp-content\/uploads\/sites\/13\/2026\/04\/Capture-decran-2026-04-17-a-15.04.54-300x241.png\" alt=\"\" width=\"300\" height=\"241\" class=\"alignnone size-medium wp-image-2100\" srcset=\"https:\/\/perso.atilf.fr\/sollinge\/wp-content\/uploads\/sites\/13\/2026\/04\/Capture-decran-2026-04-17-a-15.04.54-300x241.png 300w, https:\/\/perso.atilf.fr\/sollinge\/wp-content\/uploads\/sites\/13\/2026\/04\/Capture-decran-2026-04-17-a-15.04.54-768x616.png 768w, https:\/\/perso.atilf.fr\/sollinge\/wp-content\/uploads\/sites\/13\/2026\/04\/Capture-decran-2026-04-17-a-15.04.54.png 800w\" sizes=\"auto, (max-width: 300px) 100vw, 300px\" \/><\/a><\/p>\n","protected":false},"excerpt":{"rendered":"<p>Dans le cadre du projet ALUMCoCo, je cherchais une fa\u00e7on d&rsquo;exploiter les voisins lexicaux encod\u00e9s dans le RL-fr pour obtenir une mesure de l&rsquo;ambigu\u00eft\u00e9 s\u00e9mantique de chaque contexte. Ce sera finalement une mesure d&rsquo;entropie normalis\u00e9e, calcul\u00e9e \u00e0 partir d&rsquo;une matrice d&rsquo;adjacence s\u00e9mantique. Le d\u00e9tail se trouve d\u00e9crit ici : mesure_Voisins.pdf<\/p>\n","protected":false},"author":17,"featured_media":0,"comment_status":"closed","ping_status":"closed","sticky":false,"template":"","format":"standard","meta":{"footnotes":""},"categories":[37,57],"tags":[60,20,58,64,23],"class_list":["post-2098","post","type-post","status-publish","format-standard","hentry","category-breves","category-pal","tag-annotation","tag-corpus","tag-gr","tag-projet","tag-rl-fr"],"_links":{"self":[{"href":"https:\/\/perso.atilf.fr\/sollinge\/wp-json\/wp\/v2\/posts\/2098","targetHints":{"allow":["GET"]}}],"collection":[{"href":"https:\/\/perso.atilf.fr\/sollinge\/wp-json\/wp\/v2\/posts"}],"about":[{"href":"https:\/\/perso.atilf.fr\/sollinge\/wp-json\/wp\/v2\/types\/post"}],"author":[{"embeddable":true,"href":"https:\/\/perso.atilf.fr\/sollinge\/wp-json\/wp\/v2\/users\/17"}],"replies":[{"embeddable":true,"href":"https:\/\/perso.atilf.fr\/sollinge\/wp-json\/wp\/v2\/comments?post=2098"}],"version-history":[{"count":2,"href":"https:\/\/perso.atilf.fr\/sollinge\/wp-json\/wp\/v2\/posts\/2098\/revisions"}],"predecessor-version":[{"id":2102,"href":"https:\/\/perso.atilf.fr\/sollinge\/wp-json\/wp\/v2\/posts\/2098\/revisions\/2102"}],"wp:attachment":[{"href":"https:\/\/perso.atilf.fr\/sollinge\/wp-json\/wp\/v2\/media?parent=2098"}],"wp:term":[{"taxonomy":"category","embeddable":true,"href":"https:\/\/perso.atilf.fr\/sollinge\/wp-json\/wp\/v2\/categories?post=2098"},{"taxonomy":"post_tag","embeddable":true,"href":"https:\/\/perso.atilf.fr\/sollinge\/wp-json\/wp\/v2\/tags?post=2098"}],"curies":[{"name":"wp","href":"https:\/\/api.w.org\/{rel}","templated":true}]}}